{"id":44475,"date":"2025-09-16T13:04:28","date_gmt":"2025-09-16T11:04:28","guid":{"rendered":"https:\/\/www.elementishop.com\/ratgeber\/non-classifiee\/comment-fonctionne-la-garantie-elementi\/"},"modified":"2025-09-26T12:30:48","modified_gmt":"2025-09-26T10:30:48","slug":"comment-fonctionne-la-garantie-elementi","status":"publish","type":"post","link":"https:\/\/www.elementishop.com\/fr\/ratgeber\/faq-fr\/garantie-et-entretien\/comment-fonctionne-la-garantie-elementi\/","title":{"rendered":"Comment fonctionne la garantie Elementi ?"},"content":{"rendered":"<details class=\"faq-item\" open=\"\">\n<summary>Quelle est la dur\u00e9e de la garantie des meubles et accessoires Elementi ?<\/summary>\n<div class=\"faq-body\">\n<p>Elementi offre une garantie de <strong>2 ans \u00e0 compter de la date d&rsquo;achat<\/strong> contre tout d\u00e9faut de mat\u00e9riel et de fabrication dans le cadre d&rsquo;une utilisation normale et d&rsquo;un service appropri\u00e9.<\/p>\n<\/p><\/div>\n<\/details>\n<details class=\"faq-item\">\n<summary>Que couvre la garantie ?<\/summary>\n<div class=\"faq-body\">\n<p>En cas de recours \u00e0 la garantie <strong>, Elementi<\/strong> d\u00e9cidera <strong>, \u00e0 sa seule discr\u00e9tion<\/strong>, de r\u00e9parer ou de remplacer le produit d\u00e9fectueux.<\/p>\n<\/p><\/div>\n<\/details>\n<details class=\"faq-item\">\n<summary>Y a-t-il un co\u00fbt pour les pi\u00e8ces de rechange ou le remplacement ?<\/summary>\n<div class=\"faq-body\">\n<ul>\n<li>Les pi\u00e8ces de rechange ou le remplacement ne sont <strong>pas factur\u00e9s<\/strong>.<\/li>\n<li>Le consommateur ram\u00e8ne le produit au <strong>lieu d&rsquo;achat initial \u00e0<\/strong> ses frais.<\/li>\n<li>La garantie <strong>ne couvre pas les frais suppl\u00e9mentaires<\/strong> tels que le fret, l&rsquo;enl\u00e8vement ou la r\u00e9installation.<\/li>\n<\/ul><\/div>\n<\/details>\n<details class=\"faq-item\">\n<summary>Elementi est-elle responsable des dommages indirects ?<\/summary>\n<div class=\"faq-body\">\n<p>Elementi ne sera pas responsable des <strong>dommages indirects<\/strong> et ne sera pas responsable au-del\u00e0 du <strong>prix d&rsquo;achat du produit concern\u00e9<\/strong>.<\/p>\n<\/p><\/div>\n<\/details>\n<details class=\"faq-item\">\n<summary>Quels sont les dommages exclus de la garantie ?<\/summary>\n<div class=\"faq-body\">\n<ul>\n<li>les dommages dus \u00e0 l&rsquo;<strong>exp\u00e9dition<\/strong>, <strong>\u00e0 une mauvaise utilisation<\/strong> ou <strong>\u00e0 une d\u00e9coloration<\/strong>.<\/li>\n<li><strong>les bosses, les rayures<\/strong>, <strong>la d\u00e9coloration<\/strong> ainsi que <strong>les intemp\u00e9ries naturelles<\/strong>.<\/li>\n<li>Petits <strong>\u00e9clats<\/strong>, <strong>d\u00e9coloration due aux intemp\u00e9ries<\/strong>, <strong>d\u00e9coloration due \u00e0 l&rsquo;eau<\/strong> et <strong>fissures capillaires non structurelles<\/strong>.<\/li>\n<li><strong>Variations de couleur et de texture<\/strong> habituelles en raison du mat\u00e9riau ou de la finition.<\/li>\n<\/ul><\/div>\n<\/details>\n<details class=\"faq-item\">\n<summary>Quelles sont les caract\u00e9ristiques normales du mat\u00e9riau (b\u00e9ton coul\u00e9) ?<\/summary>\n<div class=\"faq-body\">\n<ul>\n<li>Variations dans la finition ; <strong>\u00e9carts de couleur jusqu&rsquo;\u00e0 15 % environ<\/strong>.<\/li>\n<li>Textures ou motifs irr\u00e9guliers.<\/li>\n<li>Petits <strong>pores\/fissures en surface<\/strong> dus \u00e0 l&rsquo;air ou \u00e0 l&rsquo;eau emprisonn\u00e9s lors de la coul\u00e9e.<\/li>\n<\/ul><\/div>\n<\/details>\n<details class=\"faq-item\">\n<summary>Comment se d\u00e9roule la proc\u00e9dure de garantie ?<\/summary>\n<div class=\"faq-body\">\n<p>Contactez le <strong>lieu d&rsquo;achat initial<\/strong> et rapportez-y le produit. Elementi d\u00e9terminera la marche \u00e0 suivre (r\u00e9paration ou remplacement). <\/p>\n<\/p><\/div>\n<\/details>\n<style>\n.faq-accordion { max-width: 820px; margin: 1rem 0; }\n.faq-accordion h1 { font-size: 1.6rem; margin: 0 0 .75rem; }\n.faq-accordion .faq-item { border:1px solid #e5e7eb; border-radius:10px; padding:.75rem 1rem; background:#fff; }\n.faq-accordion .faq-item + .faq-item { margin-top:.6rem; }\n.faq-accordion summary { cursor:pointer; list-style:none; font-weight:600; color:#111827; }\n.faq-accordion summary::-webkit-details-marker { display:none; }\n.faq-accordion summary::after { content:\"+\"; float:right; transition:transform .2s; color:#6b7280; }\n.faq-accordion details[open] summary::after { content:\"\u2013\"; }\n.faq-accordion .faq-body { margin-top:.5rem; color:#374151; line-height:1.7; }\n.faq-accordion ul { margin:.25rem 0 0 1rem; padding:0; }\n<\/style>\n","protected":false},"excerpt":{"rendered":"<p>Quelle est la dur\u00e9e de la garantie des meubles et accessoires Elementi ? Elementi offre une garantie de 2 ans [&hellip;]<\/p>\n","protected":false},"author":1,"featured_media":0,"comment_status":"open","ping_status":"open","sticky":false,"template":"","format":"standard","meta":{"site-sidebar-layout":"default","site-content-layout":"","ast-site-content-layout":"default","site-content-style":"default","site-sidebar-style":"default","ast-global-header-display":"","ast-banner-title-visibility":"","ast-main-header-display":"","ast-hfb-above-header-display":"","ast-hfb-below-header-display":"","ast-hfb-mobile-header-display":"","site-post-title":"","ast-breadcrumbs-content":"","ast-featured-img":"","footer-sml-layout":"","ast-disable-related-posts":"","theme-transparent-header-meta":"","adv-header-id-meta":"","stick-header-meta":"","header-above-stick-meta":"","header-main-stick-meta":"","header-below-stick-meta":"","astra-migrate-meta-layouts":"default","ast-page-background-enabled":"default","ast-page-background-meta":{"desktop":{"background-color":"var(--ast-global-color-5)","background-image":"","background-repeat":"repeat","background-position":"center center","background-size":"auto","background-attachment":"scroll","background-type":"","background-media":"","overlay-type":"","overlay-color":"","overlay-opacity":"","overlay-gradient":""},"tablet":{"background-color":"","background-image":"","background-repeat":"repeat","background-position":"center center","background-size":"auto","background-attachment":"scroll","background-type":"","background-media":"","overlay-type":"","overlay-color":"","overlay-opacity":"","overlay-gradient":""},"mobile":{"background-color":"","background-image":"","background-repeat":"repeat","background-position":"center center","background-size":"auto","background-attachment":"scroll","background-type":"","background-media":"","overlay-type":"","overlay-color":"","overlay-opacity":"","overlay-gradient":""}},"ast-content-background-meta":{"desktop":{"background-color":"var(--ast-global-color-4)","background-image":"","background-repeat":"repeat","background-position":"center center","background-size":"auto","background-attachment":"scroll","background-type":"","background-media":"","overlay-type":"","overlay-color":"","overlay-opacity":"","overlay-gradient":""},"tablet":{"background-color":"var(--ast-global-color-4)","background-image":"","background-repeat":"repeat","background-position":"center center","background-size":"auto","background-attachment":"scroll","background-type":"","background-media":"","overlay-type":"","overlay-color":"","overlay-opacity":"","overlay-gradient":""},"mobile":{"background-color":"var(--ast-global-color-4)","background-image":"","background-repeat":"repeat","background-position":"center center","background-size":"auto","background-attachment":"scroll","background-type":"","background-media":"","overlay-type":"","overlay-color":"","overlay-opacity":"","overlay-gradient":""}},"footnotes":""},"categories":[569],"tags":[],"class_list":["post-44475","post","type-post","status-publish","format-standard","hentry","category-garantie-et-entretien"],"yoast_head":"<!-- This site is optimized with the Yoast SEO Premium plugin v27.5 (Yoast SEO v27.5) - https:\/\/yoast.com\/product\/yoast-seo-premium-wordpress\/ -->\n<title>Garantie Elementi - 2 ans sur le mobilier | Conditions officielles<\/title>\n<meta name=\"description\" content=\"Garantie Elementi : 2 ans sur les meubles et accessoires - \u00e9tendue, exclusions, r\u00e8glement des frais et traitement. Informations sur la responsabilit\u00e9 et les caract\u00e9ristiques des mat\u00e9riaux.\" \/>\n<meta name=\"robots\" content=\"index, follow, max-snippet:-1, max-image-preview:large, max-video-preview:-1\" \/>\n<link rel=\"canonical\" href=\"https:\/\/www.elementishop.com\/fr\/ratgeber\/faq-fr\/garantie-et-entretien\/comment-fonctionne-la-garantie-elementi\/\" \/>\n<meta property=\"og:locale\" content=\"fr_FR\" \/>\n<meta property=\"og:type\" content=\"article\" \/>\n<meta property=\"og:title\" content=\"Comment fonctionne la garantie Elementi ? - Elementi\" \/>\n<meta property=\"og:description\" content=\"Garantie Elementi : 2 ans sur les meubles et accessoires - \u00e9tendue, exclusions, r\u00e8glement des frais et traitement. Informations sur la responsabilit\u00e9 et les caract\u00e9ristiques des mat\u00e9riaux.\" \/>\n<meta property=\"og:url\" content=\"https:\/\/www.elementishop.com\/fr\/ratgeber\/faq-fr\/garantie-et-entretien\/comment-fonctionne-la-garantie-elementi\/\" \/>\n<meta property=\"og:site_name\" content=\"Elementi\" \/>\n<meta property=\"article:published_time\" content=\"2025-09-16T11:04:28+00:00\" \/>\n<meta property=\"article:modified_time\" content=\"2025-09-26T10:30:48+00:00\" \/>\n<meta property=\"og:image\" content=\"https:\/\/www.elementishop.com\/wp-content\/uploads\/2025\/05\/EAG13-CW-13-1.webp\" \/>\n\t<meta property=\"og:image:width\" content=\"1920\" \/>\n\t<meta property=\"og:image:height\" content=\"1280\" \/>\n\t<meta property=\"og:image:type\" content=\"image\/webp\" \/>\n<meta name=\"author\" content=\"elementieu\" \/>\n<meta name=\"twitter:card\" content=\"summary_large_image\" \/>\n<meta name=\"twitter:label1\" content=\"\u00c9crit par\" \/>\n\t<meta name=\"twitter:data1\" content=\"elementieu\" \/>\n\t<meta name=\"twitter:label2\" content=\"Dur\u00e9e de lecture estim\u00e9e\" \/>\n\t<meta name=\"twitter:data2\" content=\"1 minute\" \/>\n<script type=\"application\/ld+json\" class=\"yoast-schema-graph\">{\"@context\":\"https:\\\/\\\/schema.org\",\"@graph\":[{\"@type\":\"Article\",\"@id\":\"https:\\\/\\\/www.elementishop.com\\\/fr\\\/ratgeber\\\/faq-fr\\\/garantie-et-entretien\\\/comment-fonctionne-la-garantie-elementi\\\/#article\",\"isPartOf\":{\"@id\":\"https:\\\/\\\/www.elementishop.com\\\/fr\\\/ratgeber\\\/faq-fr\\\/garantie-et-entretien\\\/comment-fonctionne-la-garantie-elementi\\\/\"},\"author\":{\"name\":\"elementieu\",\"@id\":\"https:\\\/\\\/www.elementishop.com\\\/fr\\\/#\\\/schema\\\/person\\\/085301d776ec1809f3cbce800417e0a7\"},\"headline\":\"Comment fonctionne la garantie Elementi ?\",\"datePublished\":\"2025-09-16T11:04:28+00:00\",\"dateModified\":\"2025-09-26T10:30:48+00:00\",\"mainEntityOfPage\":{\"@id\":\"https:\\\/\\\/www.elementishop.com\\\/fr\\\/ratgeber\\\/faq-fr\\\/garantie-et-entretien\\\/comment-fonctionne-la-garantie-elementi\\\/\"},\"wordCount\":307,\"commentCount\":0,\"publisher\":{\"@id\":\"https:\\\/\\\/www.elementishop.com\\\/fr\\\/#organization\"},\"articleSection\":[\"Garantie et entretien\"],\"inLanguage\":\"fr-FR\",\"potentialAction\":[{\"@type\":\"CommentAction\",\"name\":\"Comment\",\"target\":[\"https:\\\/\\\/www.elementishop.com\\\/fr\\\/ratgeber\\\/faq-fr\\\/garantie-et-entretien\\\/comment-fonctionne-la-garantie-elementi\\\/#respond\"]}]},{\"@type\":\"WebPage\",\"@id\":\"https:\\\/\\\/www.elementishop.com\\\/fr\\\/ratgeber\\\/faq-fr\\\/garantie-et-entretien\\\/comment-fonctionne-la-garantie-elementi\\\/\",\"url\":\"https:\\\/\\\/www.elementishop.com\\\/fr\\\/ratgeber\\\/faq-fr\\\/garantie-et-entretien\\\/comment-fonctionne-la-garantie-elementi\\\/\",\"name\":\"Garantie Elementi - 2 ans sur le mobilier | Conditions officielles\",\"isPartOf\":{\"@id\":\"https:\\\/\\\/www.elementishop.com\\\/fr\\\/#website\"},\"datePublished\":\"2025-09-16T11:04:28+00:00\",\"dateModified\":\"2025-09-26T10:30:48+00:00\",\"description\":\"Garantie Elementi : 2 ans sur les meubles et accessoires - \u00e9tendue, exclusions, r\u00e8glement des frais et traitement. Informations sur la responsabilit\u00e9 et les caract\u00e9ristiques des mat\u00e9riaux.\",\"breadcrumb\":{\"@id\":\"https:\\\/\\\/www.elementishop.com\\\/fr\\\/ratgeber\\\/faq-fr\\\/garantie-et-entretien\\\/comment-fonctionne-la-garantie-elementi\\\/#breadcrumb\"},\"inLanguage\":\"fr-FR\",\"potentialAction\":[{\"@type\":\"ReadAction\",\"target\":[\"https:\\\/\\\/www.elementishop.com\\\/fr\\\/ratgeber\\\/faq-fr\\\/garantie-et-entretien\\\/comment-fonctionne-la-garantie-elementi\\\/\"]}]},{\"@type\":\"BreadcrumbList\",\"@id\":\"https:\\\/\\\/www.elementishop.com\\\/fr\\\/ratgeber\\\/faq-fr\\\/garantie-et-entretien\\\/comment-fonctionne-la-garantie-elementi\\\/#breadcrumb\",\"itemListElement\":[{\"@type\":\"ListItem\",\"position\":1,\"name\":\"Home\",\"item\":\"https:\\\/\\\/www.elementishop.com\\\/fr\\\/accueil\\\/\"},{\"@type\":\"ListItem\",\"position\":2,\"name\":\"FAQ\",\"item\":\"https:\\\/\\\/www.elementishop.com\\\/fr\\\/ratgeber\\\/category\\\/faq-fr\\\/\"},{\"@type\":\"ListItem\",\"position\":3,\"name\":\"Garantie et entretien\",\"item\":\"https:\\\/\\\/www.elementishop.com\\\/fr\\\/ratgeber\\\/category\\\/faq-fr\\\/garantie-et-entretien\\\/\"},{\"@type\":\"ListItem\",\"position\":4,\"name\":\"Comment fonctionne la garantie Elementi ?\"}]},{\"@type\":\"WebSite\",\"@id\":\"https:\\\/\\\/www.elementishop.com\\\/fr\\\/#website\",\"url\":\"https:\\\/\\\/www.elementishop.com\\\/fr\\\/\",\"name\":\"Elementi\",\"description\":\"Feuerstellen und Betonm\u00f6bel direkt vom Hersteller\",\"publisher\":{\"@id\":\"https:\\\/\\\/www.elementishop.com\\\/fr\\\/#organization\"},\"alternateName\":\"ELEMENTI\",\"potentialAction\":[{\"@type\":\"SearchAction\",\"target\":{\"@type\":\"EntryPoint\",\"urlTemplate\":\"https:\\\/\\\/www.elementishop.com\\\/fr\\\/?s={search_term_string}\"},\"query-input\":{\"@type\":\"PropertyValueSpecification\",\"valueRequired\":true,\"valueName\":\"search_term_string\"}}],\"inLanguage\":\"fr-FR\"},{\"@type\":\"Organization\",\"@id\":\"https:\\\/\\\/www.elementishop.com\\\/fr\\\/#organization\",\"name\":\"Elementi\",\"alternateName\":\"Ocean Rock EU GmbH\",\"url\":\"https:\\\/\\\/www.elementishop.com\\\/fr\\\/\",\"logo\":{\"@type\":\"ImageObject\",\"inLanguage\":\"fr-FR\",\"@id\":\"https:\\\/\\\/www.elementishop.com\\\/fr\\\/#\\\/schema\\\/logo\\\/image\\\/\",\"url\":\"https:\\\/\\\/www.elementishop.com\\\/wp-content\\\/uploads\\\/2024\\\/10\\\/Elementi_icon.png\",\"contentUrl\":\"https:\\\/\\\/www.elementishop.com\\\/wp-content\\\/uploads\\\/2024\\\/10\\\/Elementi_icon.png\",\"width\":32,\"height\":32,\"caption\":\"Elementi\"},\"image\":{\"@id\":\"https:\\\/\\\/www.elementishop.com\\\/fr\\\/#\\\/schema\\\/logo\\\/image\\\/\"},\"sameAs\":[\"https:\\\/\\\/www.youtube.com\\\/channel\\\/UCfS6nYgGKEK48J8PewFrWNQ\",\"https:\\\/\\\/www.instagram.com\\\/elementi.eu\\\/\",\"https:\\\/\\\/de.pinterest.com\\\/elementieurope\\\/_saved\\\/\",\"https:\\\/\\\/www.tiktok.com\\\/@elementi_spain?_t=8ovjXwJeKp7&_r=1\"],\"description\":\"ELEMENTI entwickelt hochwertige Gas-Feuerstellen und M\u00f6bel aus GFRC-Beton f\u00fcr den europ\u00e4ischen Markt \u2013 CE\\\/EN-konform mit passendem Zubeh\u00f6r.\",\"email\":\"info@elementieu.com\",\"telephone\":\"017623120610\",\"foundingDate\":\"2013-09-01\",\"vatID\":\"DE355807255\",\"taxID\":\"12257580929\",\"numberOfEmployees\":{\"@type\":\"QuantitativeValue\",\"minValue\":\"1\",\"maxValue\":\"10\"},\"publishingPrinciples\":\"https:\\\/\\\/www.elementishop.com\\\/ueber-uns\\\/\",\"ownershipFundingInfo\":\"https:\\\/\\\/www.elementishop.com\\\/impressum\\\/\",\"correctionsPolicy\":\"https:\\\/\\\/www.elementishop.com\\\/agb\\\/\",\"ethicsPolicy\":\"https:\\\/\\\/www.elementishop.com\\\/ueber-uns\\\/\",\"hasMerchantReturnPolicy\":{\"@type\":\"MerchantReturnPolicy\",\"merchantReturnLink\":\"https:\\\/\\\/www.elementishop.com\\\/widerrufsrecht\\\/\"}},{\"@type\":\"Person\",\"@id\":\"https:\\\/\\\/www.elementishop.com\\\/fr\\\/#\\\/schema\\\/person\\\/085301d776ec1809f3cbce800417e0a7\",\"name\":\"elementieu\",\"sameAs\":[\"https:\\\/\\\/www.elementishop.com\"],\"url\":\"https:\\\/\\\/www.elementishop.com\\\/fr\\\/ratgeber\\\/author\\\/elementieu\\\/\"}]}<\/script>\n<!-- \/ Yoast SEO Premium plugin. -->","yoast_head_json":{"title":"Garantie Elementi - 2 ans sur le mobilier | Conditions officielles","description":"Garantie Elementi : 2 ans sur les meubles et accessoires - \u00e9tendue, exclusions, r\u00e8glement des frais et traitement. Informations sur la responsabilit\u00e9 et les caract\u00e9ristiques des mat\u00e9riaux.","robots":{"index":"index","follow":"follow","max-snippet":"max-snippet:-1","max-image-preview":"max-image-preview:large","max-video-preview":"max-video-preview:-1"},"canonical":"https:\/\/www.elementishop.com\/fr\/ratgeber\/faq-fr\/garantie-et-entretien\/comment-fonctionne-la-garantie-elementi\/","og_locale":"fr_FR","og_type":"article","og_title":"Comment fonctionne la garantie Elementi ? - Elementi","og_description":"Garantie Elementi : 2 ans sur les meubles et accessoires - \u00e9tendue, exclusions, r\u00e8glement des frais et traitement. Informations sur la responsabilit\u00e9 et les caract\u00e9ristiques des mat\u00e9riaux.","og_url":"https:\/\/www.elementishop.com\/fr\/ratgeber\/faq-fr\/garantie-et-entretien\/comment-fonctionne-la-garantie-elementi\/","og_site_name":"Elementi","article_published_time":"2025-09-16T11:04:28+00:00","article_modified_time":"2025-09-26T10:30:48+00:00","og_image":[{"width":1920,"height":1280,"url":"https:\/\/www.elementishop.com\/wp-content\/uploads\/2025\/05\/EAG13-CW-13-1.webp","type":"image\/webp"}],"author":"elementieu","twitter_card":"summary_large_image","twitter_misc":{"\u00c9crit par":"elementieu","Dur\u00e9e de lecture estim\u00e9e":"1 minute"},"schema":{"@context":"https:\/\/schema.org","@graph":[{"@type":"Article","@id":"https:\/\/www.elementishop.com\/fr\/ratgeber\/faq-fr\/garantie-et-entretien\/comment-fonctionne-la-garantie-elementi\/#article","isPartOf":{"@id":"https:\/\/www.elementishop.com\/fr\/ratgeber\/faq-fr\/garantie-et-entretien\/comment-fonctionne-la-garantie-elementi\/"},"author":{"name":"elementieu","@id":"https:\/\/www.elementishop.com\/fr\/#\/schema\/person\/085301d776ec1809f3cbce800417e0a7"},"headline":"Comment fonctionne la garantie Elementi ?","datePublished":"2025-09-16T11:04:28+00:00","dateModified":"2025-09-26T10:30:48+00:00","mainEntityOfPage":{"@id":"https:\/\/www.elementishop.com\/fr\/ratgeber\/faq-fr\/garantie-et-entretien\/comment-fonctionne-la-garantie-elementi\/"},"wordCount":307,"commentCount":0,"publisher":{"@id":"https:\/\/www.elementishop.com\/fr\/#organization"},"articleSection":["Garantie et entretien"],"inLanguage":"fr-FR","potentialAction":[{"@type":"CommentAction","name":"Comment","target":["https:\/\/www.elementishop.com\/fr\/ratgeber\/faq-fr\/garantie-et-entretien\/comment-fonctionne-la-garantie-elementi\/#respond"]}]},{"@type":"WebPage","@id":"https:\/\/www.elementishop.com\/fr\/ratgeber\/faq-fr\/garantie-et-entretien\/comment-fonctionne-la-garantie-elementi\/","url":"https:\/\/www.elementishop.com\/fr\/ratgeber\/faq-fr\/garantie-et-entretien\/comment-fonctionne-la-garantie-elementi\/","name":"Garantie Elementi - 2 ans sur le mobilier | Conditions officielles","isPartOf":{"@id":"https:\/\/www.elementishop.com\/fr\/#website"},"datePublished":"2025-09-16T11:04:28+00:00","dateModified":"2025-09-26T10:30:48+00:00","description":"Garantie Elementi : 2 ans sur les meubles et accessoires - \u00e9tendue, exclusions, r\u00e8glement des frais et traitement. Informations sur la responsabilit\u00e9 et les caract\u00e9ristiques des mat\u00e9riaux.","breadcrumb":{"@id":"https:\/\/www.elementishop.com\/fr\/ratgeber\/faq-fr\/garantie-et-entretien\/comment-fonctionne-la-garantie-elementi\/#breadcrumb"},"inLanguage":"fr-FR","potentialAction":[{"@type":"ReadAction","target":["https:\/\/www.elementishop.com\/fr\/ratgeber\/faq-fr\/garantie-et-entretien\/comment-fonctionne-la-garantie-elementi\/"]}]},{"@type":"BreadcrumbList","@id":"https:\/\/www.elementishop.com\/fr\/ratgeber\/faq-fr\/garantie-et-entretien\/comment-fonctionne-la-garantie-elementi\/#breadcrumb","itemListElement":[{"@type":"ListItem","position":1,"name":"Home","item":"https:\/\/www.elementishop.com\/fr\/accueil\/"},{"@type":"ListItem","position":2,"name":"FAQ","item":"https:\/\/www.elementishop.com\/fr\/ratgeber\/category\/faq-fr\/"},{"@type":"ListItem","position":3,"name":"Garantie et entretien","item":"https:\/\/www.elementishop.com\/fr\/ratgeber\/category\/faq-fr\/garantie-et-entretien\/"},{"@type":"ListItem","position":4,"name":"Comment fonctionne la garantie Elementi ?"}]},{"@type":"WebSite","@id":"https:\/\/www.elementishop.com\/fr\/#website","url":"https:\/\/www.elementishop.com\/fr\/","name":"Elementi","description":"Feuerstellen und Betonm\u00f6bel direkt vom Hersteller","publisher":{"@id":"https:\/\/www.elementishop.com\/fr\/#organization"},"alternateName":"ELEMENTI","potentialAction":[{"@type":"SearchAction","target":{"@type":"EntryPoint","urlTemplate":"https:\/\/www.elementishop.com\/fr\/?s={search_term_string}"},"query-input":{"@type":"PropertyValueSpecification","valueRequired":true,"valueName":"search_term_string"}}],"inLanguage":"fr-FR"},{"@type":"Organization","@id":"https:\/\/www.elementishop.com\/fr\/#organization","name":"Elementi","alternateName":"Ocean Rock EU GmbH","url":"https:\/\/www.elementishop.com\/fr\/","logo":{"@type":"ImageObject","inLanguage":"fr-FR","@id":"https:\/\/www.elementishop.com\/fr\/#\/schema\/logo\/image\/","url":"https:\/\/www.elementishop.com\/wp-content\/uploads\/2024\/10\/Elementi_icon.png","contentUrl":"https:\/\/www.elementishop.com\/wp-content\/uploads\/2024\/10\/Elementi_icon.png","width":32,"height":32,"caption":"Elementi"},"image":{"@id":"https:\/\/www.elementishop.com\/fr\/#\/schema\/logo\/image\/"},"sameAs":["https:\/\/www.youtube.com\/channel\/UCfS6nYgGKEK48J8PewFrWNQ","https:\/\/www.instagram.com\/elementi.eu\/","https:\/\/de.pinterest.com\/elementieurope\/_saved\/","https:\/\/www.tiktok.com\/@elementi_spain?_t=8ovjXwJeKp7&_r=1"],"description":"ELEMENTI entwickelt hochwertige Gas-Feuerstellen und M\u00f6bel aus GFRC-Beton f\u00fcr den europ\u00e4ischen Markt \u2013 CE\/EN-konform mit passendem Zubeh\u00f6r.","email":"info@elementieu.com","telephone":"017623120610","foundingDate":"2013-09-01","vatID":"DE355807255","taxID":"12257580929","numberOfEmployees":{"@type":"QuantitativeValue","minValue":"1","maxValue":"10"},"publishingPrinciples":"https:\/\/www.elementishop.com\/ueber-uns\/","ownershipFundingInfo":"https:\/\/www.elementishop.com\/impressum\/","correctionsPolicy":"https:\/\/www.elementishop.com\/agb\/","ethicsPolicy":"https:\/\/www.elementishop.com\/ueber-uns\/","hasMerchantReturnPolicy":{"@type":"MerchantReturnPolicy","merchantReturnLink":"https:\/\/www.elementishop.com\/widerrufsrecht\/"}},{"@type":"Person","@id":"https:\/\/www.elementishop.com\/fr\/#\/schema\/person\/085301d776ec1809f3cbce800417e0a7","name":"elementieu","sameAs":["https:\/\/www.elementishop.com"],"url":"https:\/\/www.elementishop.com\/fr\/ratgeber\/author\/elementieu\/"}]}},"_links":{"self":[{"href":"https:\/\/www.elementishop.com\/fr\/wp-json\/wp\/v2\/posts\/44475","targetHints":{"allow":["GET"]}}],"collection":[{"href":"https:\/\/www.elementishop.com\/fr\/wp-json\/wp\/v2\/posts"}],"about":[{"href":"https:\/\/www.elementishop.com\/fr\/wp-json\/wp\/v2\/types\/post"}],"author":[{"embeddable":true,"href":"https:\/\/www.elementishop.com\/fr\/wp-json\/wp\/v2\/users\/1"}],"replies":[{"embeddable":true,"href":"https:\/\/www.elementishop.com\/fr\/wp-json\/wp\/v2\/comments?post=44475"}],"version-history":[{"count":1,"href":"https:\/\/www.elementishop.com\/fr\/wp-json\/wp\/v2\/posts\/44475\/revisions"}],"predecessor-version":[{"id":44476,"href":"https:\/\/www.elementishop.com\/fr\/wp-json\/wp\/v2\/posts\/44475\/revisions\/44476"}],"wp:attachment":[{"href":"https:\/\/www.elementishop.com\/fr\/wp-json\/wp\/v2\/media?parent=44475"}],"wp:term":[{"taxonomy":"category","embeddable":true,"href":"https:\/\/www.elementishop.com\/fr\/wp-json\/wp\/v2\/categories?post=44475"},{"taxonomy":"post_tag","embeddable":true,"href":"https:\/\/www.elementishop.com\/fr\/wp-json\/wp\/v2\/tags?post=44475"}],"curies":[{"name":"wp","href":"https:\/\/api.w.org\/{rel}","templated":true}]}}