{"id":42740,"date":"2025-09-11T18:12:50","date_gmt":"2025-09-11T16:12:50","guid":{"rendered":"https:\/\/www.elementishop.com\/ratgeber\/sin-categorizar\/elementi-en-europa-diseno-ventas-y-planes-de-futuro\/"},"modified":"2025-10-15T13:41:41","modified_gmt":"2025-10-15T11:41:41","slug":"elementi-en-europa-diseno-ventas-y-planes-de-futuro","status":"publish","type":"post","link":"https:\/\/www.elementishop.com\/es\/ratgeber\/acerca-de-elementi-historia-diseno-e-innovacion\/elementi-en-europa-diseno-ventas-y-planes-de-futuro\/","title":{"rendered":"Elementi en Europa: dise\u00f1o, ventas y planes de futuro"},"content":{"rendered":"<p>Elementi dio un paso importante al fundar <strong>OCEANROCK EU GmbH<\/strong> en 2022,<br \/>\npara servir espec\u00edficamente al mercado europeo. Hoy en d\u00eda, Europa representa alrededor de un tercio de la facturaci\u00f3n total de la marca &#8211;<br \/>\nprueba de la creciente importancia del dise\u00f1o, la calidad y la sostenibilidad en el segmento europeo de la vida al aire libre. <\/p>\n<h2>Por qu\u00e9 Europa es un mercado clave<\/h2>\n<p>El mercado europeo se caracteriza por una gran demanda de productos de exterior duraderos y de dise\u00f1o.<br \/>\nMientras que Norteam\u00e9rica sigue representando alrededor de dos tercios de las ventas, Europa crece a un ritmo constante gracias a los canales de venta especializados, las plataformas de comercio electr\u00f3nico<br \/>\ny los socios regionales. En Alemania, Francia y Escandinavia en particular<br \/>\n<strong>Las chimeneas Elementi y los muebles de hormig\u00f3n<\/strong> est\u00e1n ya firmemente establecidos.<\/p>\n<h2>El papel de OCEANROCK EU GmbH<\/h2>\n<p>Con sede en Alemania, Elementi EU GmbH se encarga del almacenamiento, la log\u00edstica y las ventas para toda Europa.<br \/>\nEsto puede acortar los plazos de entrega y mejorar los servicios para los minoristas especializados y los clientes finales.<br \/>\nLas estructuras locales permiten reaccionar con flexibilidad a las exigencias del mercado y garantizar de forma fiable la disponibilidad de los productos<br \/>\n.<\/p>\n<h2>Asociaciones con minoristas l\u00edderes<\/h2>\n<p>Elementi trabaja con conocidos socios de ventas europeos, entre los que se incluyen grandes cadenas de bricolaje como<br \/>\n<strong>OBI<\/strong> y <strong>Bauhaus<\/strong>, as\u00ed como tiendas de muebles e interiorismo de alto calibre como la marca<br \/>\ndel <strong>Grupo WSI<\/strong>. Estas cooperaciones garantizan que los productos Elementi est\u00e9n disponibles para un amplio p\u00fablico tanto en las tiendas f\u00edsicas<br \/>\ncomo en l\u00ednea. <\/p>\n<h2>Dise\u00f1o, calidad y sostenibilidad<\/h2>\n<p>Elementi representa un claro posicionamiento en Europa: <em>dise\u00f1o, calidad y sostenibilidad<\/em>.<br \/>\nProductos como las chimeneas de Cemento o los muebles con acentos de piedra natural y metal combinan la est\u00e9tica moderna de<br \/>\ncon una gran funcionalidad y durabilidad. En tiempos de creciente conciencia medioambiental, Elementi<br \/>\napuesta por materiales robustos y procesos de producci\u00f3n eficientes que garanticen una larga vida \u00fatil. <\/p>\n<h2>Planes de futuro para el mercado europeo<\/h2>\n<p>En los pr\u00f3ximos a\u00f1os, Elementi tiene previsto ampliar sus l\u00edneas de productos para incluir cocinas de exterior y<br \/>\notras series de muebles. Al mismo tiempo, la capacidad de producci\u00f3n aumentar\u00e1 de las 30.000-40.000 unidades actuales hasta un m\u00e1ximo de 60.000 unidades<x id=\"gid_1\"><\/x>al a\u00f1o. Con dise\u00f1os innovadores, una estrecha colaboraci\u00f3n con dise\u00f1adores europeos y un fuerte enfoque<br \/>\nhacia la sostenibilidad, Elementi seguir\u00e1 ampliando su presencia en Europa.  <\/p>\n<h2>Conclusi\u00f3n<\/h2>\n<p>Europa es desde hace tiempo algo m\u00e1s que un mercado secundario para Elementi: es un componente central de la estrategia de la marca.<br \/>\nCon Elementi EU GmbH, fuertes socios de ventas y un claro enfoque en la calidad y la sostenibilidad<br \/>\n, la marca est\u00e1 idealmente posicionada para dejar una huella duradera en la vida al aire libre en Europa.<\/p>\n","protected":false},"excerpt":{"rendered":"<p>Elementi dio un paso importante al fundar OCEANROCK EU GmbH en 2022, para servir espec\u00edficamente al mercado europeo. Hoy en [&hellip;]<\/p>\n","protected":false},"author":1,"featured_media":42639,"comment_status":"open","ping_status":"open","sticky":false,"template":"","format":"standard","meta":{"site-sidebar-layout":"default","site-content-layout":"","ast-site-content-layout":"default","site-content-style":"default","site-sidebar-style":"default","ast-global-header-display":"","ast-banner-title-visibility":"","ast-main-header-display":"","ast-hfb-above-header-display":"","ast-hfb-below-header-display":"","ast-hfb-mobile-header-display":"","site-post-title":"","ast-breadcrumbs-content":"","ast-featured-img":"","footer-sml-layout":"","ast-disable-related-posts":"","theme-transparent-header-meta":"","adv-header-id-meta":"","stick-header-meta":"","header-above-stick-meta":"","header-main-stick-meta":"","header-below-stick-meta":"","astra-migrate-meta-layouts":"default","ast-page-background-enabled":"default","ast-page-background-meta":{"desktop":{"background-color":"var(--ast-global-color-5)","background-image":"","background-repeat":"repeat","background-position":"center center","background-size":"auto","background-attachment":"scroll","background-type":"","background-media":"","overlay-type":"","overlay-color":"","overlay-opacity":"","overlay-gradient":""},"tablet":{"background-color":"","background-image":"","background-repeat":"repeat","background-position":"center center","background-size":"auto","background-attachment":"scroll","background-type":"","background-media":"","overlay-type":"","overlay-color":"","overlay-opacity":"","overlay-gradient":""},"mobile":{"background-color":"","background-image":"","background-repeat":"repeat","background-position":"center center","background-size":"auto","background-attachment":"scroll","background-type":"","background-media":"","overlay-type":"","overlay-color":"","overlay-opacity":"","overlay-gradient":""}},"ast-content-background-meta":{"desktop":{"background-color":"var(--ast-global-color-4)","background-image":"","background-repeat":"repeat","background-position":"center center","background-size":"auto","background-attachment":"scroll","background-type":"","background-media":"","overlay-type":"","overlay-color":"","overlay-opacity":"","overlay-gradient":""},"tablet":{"background-color":"var(--ast-global-color-4)","background-image":"","background-repeat":"repeat","background-position":"center center","background-size":"auto","background-attachment":"scroll","background-type":"","background-media":"","overlay-type":"","overlay-color":"","overlay-opacity":"","overlay-gradient":""},"mobile":{"background-color":"var(--ast-global-color-4)","background-image":"","background-repeat":"repeat","background-position":"center center","background-size":"auto","background-attachment":"scroll","background-type":"","background-media":"","overlay-type":"","overlay-color":"","overlay-opacity":"","overlay-gradient":""}},"footnotes":""},"categories":[475],"tags":[],"class_list":["post-42740","post","type-post","status-publish","format-standard","has-post-thumbnail","hentry","category-acerca-de-elementi-historia-diseno-e-innovacion"],"yoast_head":"<!-- This site is optimized with the Yoast SEO Premium plugin v27.5 (Yoast SEO v27.5) - https:\/\/yoast.com\/product\/yoast-seo-premium-wordpress\/ -->\n<title>Elementi en Europa | Dise\u00f1o, ventas y planes de futuro<\/title>\n<meta name=\"description\" content=\"Descubra c\u00f3mo est\u00e1 creciendo Elementi en Europa: almac\u00e9n y distribuci\u00f3n a trav\u00e9s de EU GmbH, cooperaci\u00f3n con OBI y Bauhaus, enfoque en el dise\u00f1o, la calidad y la sostenibilidad.\" \/>\n<meta name=\"robots\" content=\"index, follow, max-snippet:-1, max-image-preview:large, max-video-preview:-1\" \/>\n<link rel=\"canonical\" href=\"https:\/\/www.elementishop.com\/es\/ratgeber\/acerca-de-elementi-historia-diseno-e-innovacion\/elementi-en-europa-diseno-ventas-y-planes-de-futuro\/\" \/>\n<meta property=\"og:locale\" content=\"es_ES\" \/>\n<meta property=\"og:type\" content=\"article\" \/>\n<meta property=\"og:title\" content=\"Elementi en Europa: dise\u00f1o, ventas y planes de futuro - Elementi\" \/>\n<meta property=\"og:description\" content=\"Descubra c\u00f3mo est\u00e1 creciendo Elementi en Europa: almac\u00e9n y distribuci\u00f3n a trav\u00e9s de EU GmbH, cooperaci\u00f3n con OBI y Bauhaus, enfoque en el dise\u00f1o, la calidad y la sostenibilidad.\" \/>\n<meta property=\"og:url\" content=\"https:\/\/www.elementishop.com\/es\/ratgeber\/acerca-de-elementi-historia-diseno-e-innovacion\/elementi-en-europa-diseno-ventas-y-planes-de-futuro\/\" \/>\n<meta property=\"og:site_name\" content=\"Elementi\" \/>\n<meta property=\"article:published_time\" content=\"2025-09-11T16:12:50+00:00\" \/>\n<meta property=\"article:modified_time\" content=\"2025-10-15T11:41:41+00:00\" \/>\n<meta property=\"og:image\" content=\"https:\/\/www.elementishop.com\/wp-content\/uploads\/2025\/09\/elementieu.png\" \/>\n\t<meta property=\"og:image:width\" content=\"1191\" \/>\n\t<meta property=\"og:image:height\" content=\"680\" \/>\n\t<meta property=\"og:image:type\" content=\"image\/png\" \/>\n<meta name=\"author\" content=\"elementieu\" \/>\n<meta name=\"twitter:card\" content=\"summary_large_image\" \/>\n<meta name=\"twitter:label1\" content=\"Escrito por\" \/>\n\t<meta name=\"twitter:data1\" content=\"elementieu\" \/>\n\t<meta name=\"twitter:label2\" content=\"Tiempo de lectura\" \/>\n\t<meta name=\"twitter:data2\" content=\"2 minutos\" \/>\n<script type=\"application\/ld+json\" class=\"yoast-schema-graph\">{\"@context\":\"https:\\\/\\\/schema.org\",\"@graph\":[{\"@type\":\"Article\",\"@id\":\"https:\\\/\\\/www.elementishop.com\\\/es\\\/ratgeber\\\/acerca-de-elementi-historia-diseno-e-innovacion\\\/elementi-en-europa-diseno-ventas-y-planes-de-futuro\\\/#article\",\"isPartOf\":{\"@id\":\"https:\\\/\\\/www.elementishop.com\\\/es\\\/ratgeber\\\/acerca-de-elementi-historia-diseno-e-innovacion\\\/elementi-en-europa-diseno-ventas-y-planes-de-futuro\\\/\"},\"author\":{\"name\":\"elementieu\",\"@id\":\"https:\\\/\\\/www.elementishop.com\\\/es\\\/#\\\/schema\\\/person\\\/085301d776ec1809f3cbce800417e0a7\"},\"headline\":\"Elementi en Europa: dise\u00f1o, ventas y planes de futuro\",\"datePublished\":\"2025-09-11T16:12:50+00:00\",\"dateModified\":\"2025-10-15T11:41:41+00:00\",\"mainEntityOfPage\":{\"@id\":\"https:\\\/\\\/www.elementishop.com\\\/es\\\/ratgeber\\\/acerca-de-elementi-historia-diseno-e-innovacion\\\/elementi-en-europa-diseno-ventas-y-planes-de-futuro\\\/\"},\"wordCount\":497,\"commentCount\":0,\"publisher\":{\"@id\":\"https:\\\/\\\/www.elementishop.com\\\/es\\\/#organization\"},\"image\":{\"@id\":\"https:\\\/\\\/www.elementishop.com\\\/es\\\/ratgeber\\\/acerca-de-elementi-historia-diseno-e-innovacion\\\/elementi-en-europa-diseno-ventas-y-planes-de-futuro\\\/#primaryimage\"},\"thumbnailUrl\":\"https:\\\/\\\/www.elementishop.com\\\/wp-content\\\/uploads\\\/2025\\\/09\\\/elementieu.png\",\"articleSection\":[\"Acerca de Elementi - historia, dise\u00f1o e innovaci\u00f3n\"],\"inLanguage\":\"es\",\"potentialAction\":[{\"@type\":\"CommentAction\",\"name\":\"Comment\",\"target\":[\"https:\\\/\\\/www.elementishop.com\\\/es\\\/ratgeber\\\/acerca-de-elementi-historia-diseno-e-innovacion\\\/elementi-en-europa-diseno-ventas-y-planes-de-futuro\\\/#respond\"]}]},{\"@type\":\"WebPage\",\"@id\":\"https:\\\/\\\/www.elementishop.com\\\/es\\\/ratgeber\\\/acerca-de-elementi-historia-diseno-e-innovacion\\\/elementi-en-europa-diseno-ventas-y-planes-de-futuro\\\/\",\"url\":\"https:\\\/\\\/www.elementishop.com\\\/es\\\/ratgeber\\\/acerca-de-elementi-historia-diseno-e-innovacion\\\/elementi-en-europa-diseno-ventas-y-planes-de-futuro\\\/\",\"name\":\"Elementi en Europa | Dise\u00f1o, ventas y planes de futuro\",\"isPartOf\":{\"@id\":\"https:\\\/\\\/www.elementishop.com\\\/es\\\/#website\"},\"primaryImageOfPage\":{\"@id\":\"https:\\\/\\\/www.elementishop.com\\\/es\\\/ratgeber\\\/acerca-de-elementi-historia-diseno-e-innovacion\\\/elementi-en-europa-diseno-ventas-y-planes-de-futuro\\\/#primaryimage\"},\"image\":{\"@id\":\"https:\\\/\\\/www.elementishop.com\\\/es\\\/ratgeber\\\/acerca-de-elementi-historia-diseno-e-innovacion\\\/elementi-en-europa-diseno-ventas-y-planes-de-futuro\\\/#primaryimage\"},\"thumbnailUrl\":\"https:\\\/\\\/www.elementishop.com\\\/wp-content\\\/uploads\\\/2025\\\/09\\\/elementieu.png\",\"datePublished\":\"2025-09-11T16:12:50+00:00\",\"dateModified\":\"2025-10-15T11:41:41+00:00\",\"description\":\"Descubra c\u00f3mo est\u00e1 creciendo Elementi en Europa: almac\u00e9n y distribuci\u00f3n a trav\u00e9s de EU GmbH, cooperaci\u00f3n con OBI y Bauhaus, enfoque en el dise\u00f1o, la calidad y la sostenibilidad.\",\"breadcrumb\":{\"@id\":\"https:\\\/\\\/www.elementishop.com\\\/es\\\/ratgeber\\\/acerca-de-elementi-historia-diseno-e-innovacion\\\/elementi-en-europa-diseno-ventas-y-planes-de-futuro\\\/#breadcrumb\"},\"inLanguage\":\"es\",\"potentialAction\":[{\"@type\":\"ReadAction\",\"target\":[\"https:\\\/\\\/www.elementishop.com\\\/es\\\/ratgeber\\\/acerca-de-elementi-historia-diseno-e-innovacion\\\/elementi-en-europa-diseno-ventas-y-planes-de-futuro\\\/\"]}]},{\"@type\":\"ImageObject\",\"inLanguage\":\"es\",\"@id\":\"https:\\\/\\\/www.elementishop.com\\\/es\\\/ratgeber\\\/acerca-de-elementi-historia-diseno-e-innovacion\\\/elementi-en-europa-diseno-ventas-y-planes-de-futuro\\\/#primaryimage\",\"url\":\"https:\\\/\\\/www.elementishop.com\\\/wp-content\\\/uploads\\\/2025\\\/09\\\/elementieu.png\",\"contentUrl\":\"https:\\\/\\\/www.elementishop.com\\\/wp-content\\\/uploads\\\/2025\\\/09\\\/elementieu.png\",\"width\":1191,\"height\":680},{\"@type\":\"BreadcrumbList\",\"@id\":\"https:\\\/\\\/www.elementishop.com\\\/es\\\/ratgeber\\\/acerca-de-elementi-historia-diseno-e-innovacion\\\/elementi-en-europa-diseno-ventas-y-planes-de-futuro\\\/#breadcrumb\",\"itemListElement\":[{\"@type\":\"ListItem\",\"position\":1,\"name\":\"Home\",\"item\":\"https:\\\/\\\/www.elementishop.com\\\/es\\\/inicio\\\/\"},{\"@type\":\"ListItem\",\"position\":2,\"name\":\"Acerca de Elementi - historia, dise\u00f1o e innovaci\u00f3n\",\"item\":\"https:\\\/\\\/www.elementishop.com\\\/es\\\/ratgeber\\\/category\\\/acerca-de-elementi-historia-diseno-e-innovacion\\\/\"},{\"@type\":\"ListItem\",\"position\":3,\"name\":\"Elementi en Europa: dise\u00f1o, ventas y planes de futuro\"}]},{\"@type\":\"WebSite\",\"@id\":\"https:\\\/\\\/www.elementishop.com\\\/es\\\/#website\",\"url\":\"https:\\\/\\\/www.elementishop.com\\\/es\\\/\",\"name\":\"Elementi\",\"description\":\"Feuerstellen und Betonm\u00f6bel direkt vom Hersteller\",\"publisher\":{\"@id\":\"https:\\\/\\\/www.elementishop.com\\\/es\\\/#organization\"},\"alternateName\":\"ELEMENTI\",\"potentialAction\":[{\"@type\":\"SearchAction\",\"target\":{\"@type\":\"EntryPoint\",\"urlTemplate\":\"https:\\\/\\\/www.elementishop.com\\\/es\\\/?s={search_term_string}\"},\"query-input\":{\"@type\":\"PropertyValueSpecification\",\"valueRequired\":true,\"valueName\":\"search_term_string\"}}],\"inLanguage\":\"es\"},{\"@type\":\"Organization\",\"@id\":\"https:\\\/\\\/www.elementishop.com\\\/es\\\/#organization\",\"name\":\"Elementi\",\"alternateName\":\"Ocean Rock EU GmbH\",\"url\":\"https:\\\/\\\/www.elementishop.com\\\/es\\\/\",\"logo\":{\"@type\":\"ImageObject\",\"inLanguage\":\"es\",\"@id\":\"https:\\\/\\\/www.elementishop.com\\\/es\\\/#\\\/schema\\\/logo\\\/image\\\/\",\"url\":\"https:\\\/\\\/www.elementishop.com\\\/wp-content\\\/uploads\\\/2024\\\/10\\\/Elementi_icon.png\",\"contentUrl\":\"https:\\\/\\\/www.elementishop.com\\\/wp-content\\\/uploads\\\/2024\\\/10\\\/Elementi_icon.png\",\"width\":32,\"height\":32,\"caption\":\"Elementi\"},\"image\":{\"@id\":\"https:\\\/\\\/www.elementishop.com\\\/es\\\/#\\\/schema\\\/logo\\\/image\\\/\"},\"sameAs\":[\"https:\\\/\\\/www.youtube.com\\\/channel\\\/UCfS6nYgGKEK48J8PewFrWNQ\",\"https:\\\/\\\/www.instagram.com\\\/elementi.eu\\\/\",\"https:\\\/\\\/de.pinterest.com\\\/elementieurope\\\/_saved\\\/\",\"https:\\\/\\\/www.tiktok.com\\\/@elementi_spain?_t=8ovjXwJeKp7&_r=1\"],\"description\":\"ELEMENTI entwickelt hochwertige Gas-Feuerstellen und M\u00f6bel aus GFRC-Beton f\u00fcr den europ\u00e4ischen Markt \u2013 CE\\\/EN-konform mit passendem Zubeh\u00f6r.\",\"email\":\"info@elementieu.com\",\"telephone\":\"017623120610\",\"foundingDate\":\"2013-09-01\",\"vatID\":\"DE355807255\",\"taxID\":\"12257580929\",\"numberOfEmployees\":{\"@type\":\"QuantitativeValue\",\"minValue\":\"1\",\"maxValue\":\"10\"},\"publishingPrinciples\":\"https:\\\/\\\/www.elementishop.com\\\/ueber-uns\\\/\",\"ownershipFundingInfo\":\"https:\\\/\\\/www.elementishop.com\\\/impressum\\\/\",\"correctionsPolicy\":\"https:\\\/\\\/www.elementishop.com\\\/agb\\\/\",\"ethicsPolicy\":\"https:\\\/\\\/www.elementishop.com\\\/ueber-uns\\\/\",\"hasMerchantReturnPolicy\":{\"@type\":\"MerchantReturnPolicy\",\"merchantReturnLink\":\"https:\\\/\\\/www.elementishop.com\\\/widerrufsrecht\\\/\"}},{\"@type\":\"Person\",\"@id\":\"https:\\\/\\\/www.elementishop.com\\\/es\\\/#\\\/schema\\\/person\\\/085301d776ec1809f3cbce800417e0a7\",\"name\":\"elementieu\",\"sameAs\":[\"https:\\\/\\\/www.elementishop.com\"],\"url\":\"https:\\\/\\\/www.elementishop.com\\\/es\\\/ratgeber\\\/author\\\/elementieu\\\/\"}]}<\/script>\n<!-- \/ Yoast SEO Premium plugin. -->","yoast_head_json":{"title":"Elementi en Europa | Dise\u00f1o, ventas y planes de futuro","description":"Descubra c\u00f3mo est\u00e1 creciendo Elementi en Europa: almac\u00e9n y distribuci\u00f3n a trav\u00e9s de EU GmbH, cooperaci\u00f3n con OBI y Bauhaus, enfoque en el dise\u00f1o, la calidad y la sostenibilidad.","robots":{"index":"index","follow":"follow","max-snippet":"max-snippet:-1","max-image-preview":"max-image-preview:large","max-video-preview":"max-video-preview:-1"},"canonical":"https:\/\/www.elementishop.com\/es\/ratgeber\/acerca-de-elementi-historia-diseno-e-innovacion\/elementi-en-europa-diseno-ventas-y-planes-de-futuro\/","og_locale":"es_ES","og_type":"article","og_title":"Elementi en Europa: dise\u00f1o, ventas y planes de futuro - Elementi","og_description":"Descubra c\u00f3mo est\u00e1 creciendo Elementi en Europa: almac\u00e9n y distribuci\u00f3n a trav\u00e9s de EU GmbH, cooperaci\u00f3n con OBI y Bauhaus, enfoque en el dise\u00f1o, la calidad y la sostenibilidad.","og_url":"https:\/\/www.elementishop.com\/es\/ratgeber\/acerca-de-elementi-historia-diseno-e-innovacion\/elementi-en-europa-diseno-ventas-y-planes-de-futuro\/","og_site_name":"Elementi","article_published_time":"2025-09-11T16:12:50+00:00","article_modified_time":"2025-10-15T11:41:41+00:00","og_image":[{"width":1191,"height":680,"url":"https:\/\/www.elementishop.com\/wp-content\/uploads\/2025\/09\/elementieu.png","type":"image\/png"}],"author":"elementieu","twitter_card":"summary_large_image","twitter_misc":{"Escrito por":"elementieu","Tiempo de lectura":"2 minutos"},"schema":{"@context":"https:\/\/schema.org","@graph":[{"@type":"Article","@id":"https:\/\/www.elementishop.com\/es\/ratgeber\/acerca-de-elementi-historia-diseno-e-innovacion\/elementi-en-europa-diseno-ventas-y-planes-de-futuro\/#article","isPartOf":{"@id":"https:\/\/www.elementishop.com\/es\/ratgeber\/acerca-de-elementi-historia-diseno-e-innovacion\/elementi-en-europa-diseno-ventas-y-planes-de-futuro\/"},"author":{"name":"elementieu","@id":"https:\/\/www.elementishop.com\/es\/#\/schema\/person\/085301d776ec1809f3cbce800417e0a7"},"headline":"Elementi en Europa: dise\u00f1o, ventas y planes de futuro","datePublished":"2025-09-11T16:12:50+00:00","dateModified":"2025-10-15T11:41:41+00:00","mainEntityOfPage":{"@id":"https:\/\/www.elementishop.com\/es\/ratgeber\/acerca-de-elementi-historia-diseno-e-innovacion\/elementi-en-europa-diseno-ventas-y-planes-de-futuro\/"},"wordCount":497,"commentCount":0,"publisher":{"@id":"https:\/\/www.elementishop.com\/es\/#organization"},"image":{"@id":"https:\/\/www.elementishop.com\/es\/ratgeber\/acerca-de-elementi-historia-diseno-e-innovacion\/elementi-en-europa-diseno-ventas-y-planes-de-futuro\/#primaryimage"},"thumbnailUrl":"https:\/\/www.elementishop.com\/wp-content\/uploads\/2025\/09\/elementieu.png","articleSection":["Acerca de Elementi - historia, dise\u00f1o e innovaci\u00f3n"],"inLanguage":"es","potentialAction":[{"@type":"CommentAction","name":"Comment","target":["https:\/\/www.elementishop.com\/es\/ratgeber\/acerca-de-elementi-historia-diseno-e-innovacion\/elementi-en-europa-diseno-ventas-y-planes-de-futuro\/#respond"]}]},{"@type":"WebPage","@id":"https:\/\/www.elementishop.com\/es\/ratgeber\/acerca-de-elementi-historia-diseno-e-innovacion\/elementi-en-europa-diseno-ventas-y-planes-de-futuro\/","url":"https:\/\/www.elementishop.com\/es\/ratgeber\/acerca-de-elementi-historia-diseno-e-innovacion\/elementi-en-europa-diseno-ventas-y-planes-de-futuro\/","name":"Elementi en Europa | Dise\u00f1o, ventas y planes de futuro","isPartOf":{"@id":"https:\/\/www.elementishop.com\/es\/#website"},"primaryImageOfPage":{"@id":"https:\/\/www.elementishop.com\/es\/ratgeber\/acerca-de-elementi-historia-diseno-e-innovacion\/elementi-en-europa-diseno-ventas-y-planes-de-futuro\/#primaryimage"},"image":{"@id":"https:\/\/www.elementishop.com\/es\/ratgeber\/acerca-de-elementi-historia-diseno-e-innovacion\/elementi-en-europa-diseno-ventas-y-planes-de-futuro\/#primaryimage"},"thumbnailUrl":"https:\/\/www.elementishop.com\/wp-content\/uploads\/2025\/09\/elementieu.png","datePublished":"2025-09-11T16:12:50+00:00","dateModified":"2025-10-15T11:41:41+00:00","description":"Descubra c\u00f3mo est\u00e1 creciendo Elementi en Europa: almac\u00e9n y distribuci\u00f3n a trav\u00e9s de EU GmbH, cooperaci\u00f3n con OBI y Bauhaus, enfoque en el dise\u00f1o, la calidad y la sostenibilidad.","breadcrumb":{"@id":"https:\/\/www.elementishop.com\/es\/ratgeber\/acerca-de-elementi-historia-diseno-e-innovacion\/elementi-en-europa-diseno-ventas-y-planes-de-futuro\/#breadcrumb"},"inLanguage":"es","potentialAction":[{"@type":"ReadAction","target":["https:\/\/www.elementishop.com\/es\/ratgeber\/acerca-de-elementi-historia-diseno-e-innovacion\/elementi-en-europa-diseno-ventas-y-planes-de-futuro\/"]}]},{"@type":"ImageObject","inLanguage":"es","@id":"https:\/\/www.elementishop.com\/es\/ratgeber\/acerca-de-elementi-historia-diseno-e-innovacion\/elementi-en-europa-diseno-ventas-y-planes-de-futuro\/#primaryimage","url":"https:\/\/www.elementishop.com\/wp-content\/uploads\/2025\/09\/elementieu.png","contentUrl":"https:\/\/www.elementishop.com\/wp-content\/uploads\/2025\/09\/elementieu.png","width":1191,"height":680},{"@type":"BreadcrumbList","@id":"https:\/\/www.elementishop.com\/es\/ratgeber\/acerca-de-elementi-historia-diseno-e-innovacion\/elementi-en-europa-diseno-ventas-y-planes-de-futuro\/#breadcrumb","itemListElement":[{"@type":"ListItem","position":1,"name":"Home","item":"https:\/\/www.elementishop.com\/es\/inicio\/"},{"@type":"ListItem","position":2,"name":"Acerca de Elementi - historia, dise\u00f1o e innovaci\u00f3n","item":"https:\/\/www.elementishop.com\/es\/ratgeber\/category\/acerca-de-elementi-historia-diseno-e-innovacion\/"},{"@type":"ListItem","position":3,"name":"Elementi en Europa: dise\u00f1o, ventas y planes de futuro"}]},{"@type":"WebSite","@id":"https:\/\/www.elementishop.com\/es\/#website","url":"https:\/\/www.elementishop.com\/es\/","name":"Elementi","description":"Feuerstellen und Betonm\u00f6bel direkt vom Hersteller","publisher":{"@id":"https:\/\/www.elementishop.com\/es\/#organization"},"alternateName":"ELEMENTI","potentialAction":[{"@type":"SearchAction","target":{"@type":"EntryPoint","urlTemplate":"https:\/\/www.elementishop.com\/es\/?s={search_term_string}"},"query-input":{"@type":"PropertyValueSpecification","valueRequired":true,"valueName":"search_term_string"}}],"inLanguage":"es"},{"@type":"Organization","@id":"https:\/\/www.elementishop.com\/es\/#organization","name":"Elementi","alternateName":"Ocean Rock EU GmbH","url":"https:\/\/www.elementishop.com\/es\/","logo":{"@type":"ImageObject","inLanguage":"es","@id":"https:\/\/www.elementishop.com\/es\/#\/schema\/logo\/image\/","url":"https:\/\/www.elementishop.com\/wp-content\/uploads\/2024\/10\/Elementi_icon.png","contentUrl":"https:\/\/www.elementishop.com\/wp-content\/uploads\/2024\/10\/Elementi_icon.png","width":32,"height":32,"caption":"Elementi"},"image":{"@id":"https:\/\/www.elementishop.com\/es\/#\/schema\/logo\/image\/"},"sameAs":["https:\/\/www.youtube.com\/channel\/UCfS6nYgGKEK48J8PewFrWNQ","https:\/\/www.instagram.com\/elementi.eu\/","https:\/\/de.pinterest.com\/elementieurope\/_saved\/","https:\/\/www.tiktok.com\/@elementi_spain?_t=8ovjXwJeKp7&_r=1"],"description":"ELEMENTI entwickelt hochwertige Gas-Feuerstellen und M\u00f6bel aus GFRC-Beton f\u00fcr den europ\u00e4ischen Markt \u2013 CE\/EN-konform mit passendem Zubeh\u00f6r.","email":"info@elementieu.com","telephone":"017623120610","foundingDate":"2013-09-01","vatID":"DE355807255","taxID":"12257580929","numberOfEmployees":{"@type":"QuantitativeValue","minValue":"1","maxValue":"10"},"publishingPrinciples":"https:\/\/www.elementishop.com\/ueber-uns\/","ownershipFundingInfo":"https:\/\/www.elementishop.com\/impressum\/","correctionsPolicy":"https:\/\/www.elementishop.com\/agb\/","ethicsPolicy":"https:\/\/www.elementishop.com\/ueber-uns\/","hasMerchantReturnPolicy":{"@type":"MerchantReturnPolicy","merchantReturnLink":"https:\/\/www.elementishop.com\/widerrufsrecht\/"}},{"@type":"Person","@id":"https:\/\/www.elementishop.com\/es\/#\/schema\/person\/085301d776ec1809f3cbce800417e0a7","name":"elementieu","sameAs":["https:\/\/www.elementishop.com"],"url":"https:\/\/www.elementishop.com\/es\/ratgeber\/author\/elementieu\/"}]}},"_links":{"self":[{"href":"https:\/\/www.elementishop.com\/es\/wp-json\/wp\/v2\/posts\/42740","targetHints":{"allow":["GET"]}}],"collection":[{"href":"https:\/\/www.elementishop.com\/es\/wp-json\/wp\/v2\/posts"}],"about":[{"href":"https:\/\/www.elementishop.com\/es\/wp-json\/wp\/v2\/types\/post"}],"author":[{"embeddable":true,"href":"https:\/\/www.elementishop.com\/es\/wp-json\/wp\/v2\/users\/1"}],"replies":[{"embeddable":true,"href":"https:\/\/www.elementishop.com\/es\/wp-json\/wp\/v2\/comments?post=42740"}],"version-history":[{"count":2,"href":"https:\/\/www.elementishop.com\/es\/wp-json\/wp\/v2\/posts\/42740\/revisions"}],"predecessor-version":[{"id":45073,"href":"https:\/\/www.elementishop.com\/es\/wp-json\/wp\/v2\/posts\/42740\/revisions\/45073"}],"wp:featuredmedia":[{"embeddable":true,"href":"https:\/\/www.elementishop.com\/es\/wp-json\/wp\/v2\/media\/42639"}],"wp:attachment":[{"href":"https:\/\/www.elementishop.com\/es\/wp-json\/wp\/v2\/media?parent=42740"}],"wp:term":[{"taxonomy":"category","embeddable":true,"href":"https:\/\/www.elementishop.com\/es\/wp-json\/wp\/v2\/categories?post=42740"},{"taxonomy":"post_tag","embeddable":true,"href":"https:\/\/www.elementishop.com\/es\/wp-json\/wp\/v2\/tags?post=42740"}],"curies":[{"name":"wp","href":"https:\/\/api.w.org\/{rel}","templated":true}]}}